{"id":3606,"date":"2026-09-01T09:34:14","date_gmt":"2026-09-01T08:34:14","guid":{"rendered":"https:\/\/dryland-records.net\/?p=3606"},"modified":"2026-09-01T09:38:19","modified_gmt":"2026-09-01T08:38:19","slug":"benni-cellini-und-johanna-krins-auf-dem-festival-mediaval","status":"publish","type":"post","link":"https:\/\/dryland-records.net\/en\/benni-cellini-und-johanna-krins-auf-dem-festival-mediaval\/","title":{"rendered":"BENNI CELLINI und JOHANNA KRINS auf dem Festival Mediaval"},"content":{"rendered":"\n<p class=\"wp-block-paragraph\">Wir freuen uns riesig: BENNI CELLINI und JOHANNA KRINS stehen in diesem Jahr auf der B\u00fchne des Festival Mediaval &#8211; und beide am Er\u00f6ffnungstag, dem 11. September.<\/p>\n\n\n\n<p class=\"wp-block-paragraph\"><a href=\"https:\/\/benni-cellini.de\/\" target=\"_blank\" rel=\"noreferrer noopener\">BENNI CELLINI<\/a> ist ein Ausnahmemusiker mit klassischer Celloausbildung, der sich fr\u00fch der Rockmusik zuwandte. Auf Violine und E-Cello verbindet er Gothic Rock, Jazz-Pop und Orchestermusik zu einem ganz eigenen Klang. Als Gr\u00fcndungsmitglied der Rockband Letzte Instanz hat er sich ebenso einen Namen gemacht wie als gefragter Gastmusiker.<\/p>\n\n\n\n<p class=\"wp-block-paragraph\"><a href=\"https:\/\/johannakrins.com\/\" target=\"_blank\" rel=\"noreferrer noopener\">JOHANNA KRINS<\/a> ist S\u00e4ngerin und Songwriterin und bekannt f\u00fcr ihren modernen, gef\u00fchlvollen Melodic-Metal-Sound. \u00dcber druckvolle Gitarrenriffs und dynamische Drums hinweg erz\u00e4hlt sie mit ihrer wandelbaren Stimme &#8211; mal warm und introspektiv, mal eruptiv &#8211; von Themen, die ber\u00fchren. Mit dem Deb\u00fctalbum &#8220;Klarheit&#8221; bringt sie ihre ehrliche, kraftvolle Musik nun auch auf die B\u00fchne des Mediaval.<\/p>\n\n\n\n<p class=\"wp-block-paragraph\">Das Festival Mediaval verwandelt den Goldberg im oberfr\u00e4nkischen Selb jedes Jahr in eine Welt voller Legenden, Freundschaft und Magie. Vom 11. bis 13. September 2026 erwartet die Besucherinnen und Besucher unter dem Motto \u201eLegends\u201c ein einzigartiger Mix aus Folk-, Mittelalter- und Weltmusik, erg\u00e4nzt durch Markttreiben, Feuershows, Theater und ein lebendiges Lagerleben \u2013 mit Headlinern wie Faun, In Extremo, Corvus Corax und Subway To Sally. Wir freuen uns sehr, dass BENNI CELLINI und JOHANNA KRINS Teil dieses besonderen Line-ups sind und laden alle herzlich ein, sie live zu erleben!<\/p>\n\n\n\n<div style=\"height:30px\" aria-hidden=\"true\" class=\"wp-block-spacer\"><\/div>\n\n\n\n<figure class=\"wp-block-image size-large is-resized\"><a href=\"https:\/\/festival-mediaval.com\/\" target=\"_blank\" rel=\" noopener\"><img fetchpriority=\"high\" decoding=\"async\" width=\"723\" height=\"1024\" src=\"https:\/\/dryland-records.net\/wp-content\/uploads\/2026\/09\/image-1366x1935-1-723x1024.png\" alt=\"\" class=\"wp-image-3609\" style=\"aspect-ratio:0.7060502021820402;width:487px;height:auto\" srcset=\"https:\/\/dryland-records.net\/wp-content\/uploads\/2026\/09\/image-1366x1935-1-723x1024.png 723w, https:\/\/dryland-records.net\/wp-content\/uploads\/2026\/09\/image-1366x1935-1-212x300.png 212w, https:\/\/dryland-records.net\/wp-content\/uploads\/2026\/09\/image-1366x1935-1-767x1087.png 767w, https:\/\/dryland-records.net\/wp-content\/uploads\/2026\/09\/image-1366x1935-1-1084x1536.png 1084w, https:\/\/dryland-records.net\/wp-content\/uploads\/2026\/09\/image-1366x1935-1.png 1366w\" sizes=\"(max-width: 723px) 100vw, 723px\" \/><\/a><\/figure>\n\n\n\n<div style=\"height:30px\" aria-hidden=\"true\" class=\"wp-block-spacer\"><\/div>\n\n\n\n<div class=\"wp-block-columns is-layout-flex wp-container-core-columns-is-layout-7387b849 wp-block-columns-is-layout-flex\">\n<div class=\"wp-block-column is-layout-flow wp-block-column-is-layout-flow\">\n<div class=\"wp-block-buttons is-layout-flex wp-block-buttons-is-layout-flex\">\n<div class=\"wp-block-button\"><a class=\"wp-block-button__link has-white-color has-text-color has-link-color wp-element-button\" href=\"https:\/\/festival-mediaval.com\/\" target=\"_blank\" rel=\"noopener\">Tickets kaufen<\/a><\/div>\n<\/div>\n<\/div>\n\n\n\n<div class=\"wp-block-column is-layout-flow wp-block-column-is-layout-flow\">\n<div class=\"wp-block-buttons is-layout-flex wp-block-buttons-is-layout-flex\">\n<div class=\"wp-block-button\"><a class=\"wp-block-button__link has-white-color has-text-color has-link-color wp-element-button\" href=\"https:\/\/dryland-records-shop.de\/products\/benni-cellini-lep-cd\" target=\"_blank\" rel=\"noopener\">Benni Cellini &#8220;Solo&#8221; CD kaufen<\/a><\/div>\n<\/div>\n<\/div>\n\n\n\n<div class=\"wp-block-column is-layout-flow wp-block-column-is-layout-flow\">\n<div class=\"wp-block-buttons is-layout-flex wp-block-buttons-is-layout-flex\">\n<div class=\"wp-block-button\"><a class=\"wp-block-button__link has-white-color has-text-color has-link-color wp-element-button\" href=\"https:\/\/dryland-records-shop.de\/collections\/johanna-krins\" target=\"_blank\" rel=\"noopener\">Johanna Krins Merch kaufen<\/a><\/div>\n<\/div>\n<\/div>\n<\/div>\n\n\n\n<p class=\"wp-block-paragraph\"><\/p>\n","protected":false},"excerpt":{"rendered":"<p>Wir freuen uns riesig: BENNI CELLINI und JOHANNA KRINS stehen in diesem Jahr auf der B\u00fchne des Festival Mediaval &#8211; und beide am Er\u00f6ffnungstag, dem 11. September. BENNI CELLINI ist ein Ausnahmemusiker mit klassischer Celloausbildung, der sich fr\u00fch der Rockmusik zuwandte. Auf Violine und E-Cello verbindet er Gothic Rock, Jazz-Pop und Orchestermusik zu einem ganz [&hellip;]<\/p>\n","protected":false},"author":8,"featured_media":3615,"comment_status":"closed","ping_status":"open","sticky":false,"template":"","format":"standard","meta":{"_acf_changed":false,"footnotes":""},"categories":[1],"tags":[],"class_list":["post-3606","post","type-post","status-publish","format-standard","has-post-thumbnail","hentry","category-nicht-kategorisiert"],"acf":[],"_links":{"self":[{"href":"https:\/\/dryland-records.net\/en\/wp-json\/wp\/v2\/posts\/3606","targetHints":{"allow":["GET"]}}],"collection":[{"href":"https:\/\/dryland-records.net\/en\/wp-json\/wp\/v2\/posts"}],"about":[{"href":"https:\/\/dryland-records.net\/en\/wp-json\/wp\/v2\/types\/post"}],"author":[{"embeddable":true,"href":"https:\/\/dryland-records.net\/en\/wp-json\/wp\/v2\/users\/8"}],"replies":[{"embeddable":true,"href":"https:\/\/dryland-records.net\/en\/wp-json\/wp\/v2\/comments?post=3606"}],"version-history":[{"count":6,"href":"https:\/\/dryland-records.net\/en\/wp-json\/wp\/v2\/posts\/3606\/revisions"}],"predecessor-version":[{"id":3616,"href":"https:\/\/dryland-records.net\/en\/wp-json\/wp\/v2\/posts\/3606\/revisions\/3616"}],"wp:featuredmedia":[{"embeddable":true,"href":"https:\/\/dryland-records.net\/en\/wp-json\/wp\/v2\/media\/3615"}],"wp:attachment":[{"href":"https:\/\/dryland-records.net\/en\/wp-json\/wp\/v2\/media?parent=3606"}],"wp:term":[{"taxonomy":"category","embeddable":true,"href":"https:\/\/dryland-records.net\/en\/wp-json\/wp\/v2\/categories?post=3606"},{"taxonomy":"post_tag","embeddable":true,"href":"https:\/\/dryland-records.net\/en\/wp-json\/wp\/v2\/tags?post=3606"}],"curies":[{"name":"wp","href":"https:\/\/api.w.org\/{rel}","templated":true}]}}