{"id":3216,"date":"2026-03-17T10:10:49","date_gmt":"2026-03-17T09:10:49","guid":{"rendered":"https:\/\/dryland-records.net\/?p=3216"},"modified":"2026-03-17T18:58:42","modified_gmt":"2026-03-17T17:58:42","slug":"benni-cellini-kommt-auf-tour","status":"publish","type":"post","link":"https:\/\/dryland-records.net\/en\/benni-cellini-kommt-auf-tour\/","title":{"rendered":"BENNI CELLINI kommt auf Tour!"},"content":{"rendered":"\n<p>2025 ver\u00f6ffentlichte BENNI CELLINI seine erste, schlicht &#8220;Solo&#8221; betitelte EP, die er jetzt auch live vorstellen m\u00f6chte. Neben diversen Daten im Sommer wird Benni im November und Dezember als Support von <a href=\"https:\/\/die-kammer.com\/de\" target=\"_blank\" rel=\"noreferrer noopener\">Die Kammer<\/a> durch Deutschland reisen. <br><br>\u00dcber ein Vierteljahrhundert rockte BENNI CELLINI mit\u00a0Letzte Instanz\u00a0durch die Gothic-Rock-Welt. Sein erstes eigenes Nebenprojekt Land \u00dcber hat sich in der Jazz- und Folkszene Deutschlands einen Namen gemacht. \u201eDie St\u00fccke meiner \u201eSolo\u201c-Scheibe sind alle mit meinem gesch\u00e4tzten Kollegen Karl Helbig von Land \u00dcber entstanden. In einer Welt, wo alles gr\u00f6\u00dfer, schneller und weiter werden soll, versuchen wir, uns auf das Minimalste zu reduzieren. Entschleunigung statt Beschleunigung \u2013 Tr\u00e4umen statt Hetzen.\u201c<\/p>\n\n\n\n<div style=\"height:50px\" aria-hidden=\"true\" class=\"wp-block-spacer\"><\/div>\n\n\n\n<figure class=\"wp-block-image size-large is-resized\"><a href=\"https:\/\/dryland-records-shop.de\/products\/benni-cellini-lep-cd\" target=\"_blank\" rel=\" noreferrer noopener\"><img fetchpriority=\"high\" decoding=\"async\" width=\"1024\" height=\"1024\" src=\"https:\/\/dryland-records.net\/wp-content\/uploads\/2025\/11\/BenniSolo_Cover_streaming_1024x1024@2x-1024x1024.webp\" alt=\"\" class=\"wp-image-2721\" style=\"width:558px;height:auto\" srcset=\"https:\/\/dryland-records.net\/wp-content\/uploads\/2025\/11\/BenniSolo_Cover_streaming_1024x1024@2x-1024x1024.webp 1024w, https:\/\/dryland-records.net\/wp-content\/uploads\/2025\/11\/BenniSolo_Cover_streaming_1024x1024@2x-300x300.webp 300w, https:\/\/dryland-records.net\/wp-content\/uploads\/2025\/11\/BenniSolo_Cover_streaming_1024x1024@2x-150x150.webp 150w, https:\/\/dryland-records.net\/wp-content\/uploads\/2025\/11\/BenniSolo_Cover_streaming_1024x1024@2x-768x768.webp 768w, https:\/\/dryland-records.net\/wp-content\/uploads\/2025\/11\/BenniSolo_Cover_streaming_1024x1024@2x-1536x1536.webp 1536w, https:\/\/dryland-records.net\/wp-content\/uploads\/2025\/11\/BenniSolo_Cover_streaming_1024x1024@2x.webp 2048w\" sizes=\"(max-width: 1024px) 100vw, 1024px\" \/><\/a><\/figure>\n\n\n\n<div style=\"height:50px\" aria-hidden=\"true\" class=\"wp-block-spacer\"><\/div>\n\n\n\n<div class=\"wp-block-buttons is-layout-flex wp-block-buttons-is-layout-flex\">\n<div class=\"wp-block-button\"><a class=\"wp-block-button__link has-white-color has-text-color has-link-color wp-element-button\" href=\"https:\/\/dryland-records-shop.de\/products\/benni-cellini-lep-cd\" target=\"_blank\" rel=\"noopener\">&#8220;Solo&#8221; CD kaufen<\/a><\/div>\n<\/div>\n\n\n\n<p><\/p>\n\n\n\n<div class=\"wp-block-buttons is-layout-flex wp-block-buttons-is-layout-flex\">\n<div class=\"wp-block-button\"><a class=\"wp-block-button__link has-white-color has-text-color has-link-color wp-element-button\" href=\"https:\/\/drylandrec.lnk.to\/sehnsucht\" target=\"_blank\" rel=\"noreferrer noopener\">&#8220;Solo&#8221; streamen<\/a><\/div>\n<\/div>\n\n\n\n<p><\/p>\n\n\n\n<div style=\"height:50px\" aria-hidden=\"true\" class=\"wp-block-spacer\"><\/div>\n\n\n\n<p><strong>BENNI CELLINI live 2026<\/strong><\/p>\n\n\n\n<p>09.5.26 Naumburg &#8211; Kulturbude <\/p>\n\n\n\n<p>20.6.26 M\u00fchlberg (Drei Gleichen) &#8211; Kirche<\/p>\n\n\n\n<p>21.6.26 Radebeul &#8211; WeinbergKulTour&nbsp;<\/p>\n\n\n\n<p>04.7.26 Arnstadt &#8211; Nacht der K\u00fcnste<\/p>\n\n\n\n<p>08.8.26 Dresden &#8211; Trinitatiskirche Benefiz<\/p>\n\n\n\n<div style=\"height:50px\" aria-hidden=\"true\" class=\"wp-block-spacer\"><\/div>\n\n\n\n<p><strong>Als Support von Die Kamme<\/strong>r<\/p>\n\n\n\n<p>05.11.26 Hamburg &#8211; Logo<\/p>\n\n\n\n<p>06.11.26 Leipzig &#8211; Moritzbastei <\/p>\n\n\n\n<p>07.11.26 Berlin &#8211; Privatclub<\/p>\n\n\n\n<p>13.11.26 Hannover &#8211; Subkultur<\/p>\n\n\n\n<p>14.11.26 K\u00f6ln &#8211; Helios37<\/p>\n\n\n\n<p>03.12.26 M\u00fcnchen &#8211; BS Club<\/p>\n\n\n\n<p>04.12.26 W\u00fcrzburg &#8211; B-Hof<\/p>\n\n\n\n<p>05.12.26 Bochum &#8211; Rockpalast<\/p>\n\n\n\n<p>06.12.26 Wiesbaden &#8211; Kesselhaus<\/p>\n\n\n\n<div style=\"height:50px\" aria-hidden=\"true\" class=\"wp-block-spacer\"><\/div>\n\n\n\n<div class=\"wp-block-buttons is-layout-flex wp-block-buttons-is-layout-flex\">\n<div class=\"wp-block-button\"><a class=\"wp-block-button__link has-white-color has-text-color has-link-color wp-element-button\" href=\"https:\/\/nocut.shop\/de\/die-kammer-season-vi-tour-2026\" target=\"_blank\" rel=\"noreferrer noopener\">Tickets bestellen<\/a><\/div>\n<\/div>\n","protected":false},"excerpt":{"rendered":"<p>2025 ver\u00f6ffentlichte BENNI CELLINI seine erste, schlicht &#8220;Solo&#8221; betitelte EP, die er jetzt auch live vorstellen m\u00f6chte. Neben diversen Daten im Sommer wird Benni im November und Dezember als Support von Die Kammer durch Deutschland reisen. \u00dcber ein Vierteljahrhundert rockte BENNI CELLINI mit\u00a0Letzte Instanz\u00a0durch die Gothic-Rock-Welt. Sein erstes eigenes Nebenprojekt Land \u00dcber hat sich in [&hellip;]<\/p>\n","protected":false},"author":8,"featured_media":2251,"comment_status":"closed","ping_status":"open","sticky":false,"template":"","format":"standard","meta":{"_acf_changed":false,"footnotes":""},"categories":[1],"tags":[],"class_list":["post-3216","post","type-post","status-publish","format-standard","has-post-thumbnail","hentry","category-nicht-kategorisiert"],"acf":[],"_links":{"self":[{"href":"https:\/\/dryland-records.net\/en\/wp-json\/wp\/v2\/posts\/3216","targetHints":{"allow":["GET"]}}],"collection":[{"href":"https:\/\/dryland-records.net\/en\/wp-json\/wp\/v2\/posts"}],"about":[{"href":"https:\/\/dryland-records.net\/en\/wp-json\/wp\/v2\/types\/post"}],"author":[{"embeddable":true,"href":"https:\/\/dryland-records.net\/en\/wp-json\/wp\/v2\/users\/8"}],"replies":[{"embeddable":true,"href":"https:\/\/dryland-records.net\/en\/wp-json\/wp\/v2\/comments?post=3216"}],"version-history":[{"count":24,"href":"https:\/\/dryland-records.net\/en\/wp-json\/wp\/v2\/posts\/3216\/revisions"}],"predecessor-version":[{"id":3242,"href":"https:\/\/dryland-records.net\/en\/wp-json\/wp\/v2\/posts\/3216\/revisions\/3242"}],"wp:featuredmedia":[{"embeddable":true,"href":"https:\/\/dryland-records.net\/en\/wp-json\/wp\/v2\/media\/2251"}],"wp:attachment":[{"href":"https:\/\/dryland-records.net\/en\/wp-json\/wp\/v2\/media?parent=3216"}],"wp:term":[{"taxonomy":"category","embeddable":true,"href":"https:\/\/dryland-records.net\/en\/wp-json\/wp\/v2\/categories?post=3216"},{"taxonomy":"post_tag","embeddable":true,"href":"https:\/\/dryland-records.net\/en\/wp-json\/wp\/v2\/tags?post=3216"}],"curies":[{"name":"wp","href":"https:\/\/api.w.org\/{rel}","templated":true}]}}