{"id":2818,"date":"2026-01-27T09:51:32","date_gmt":"2026-01-27T08:51:32","guid":{"rendered":"https:\/\/dryland-records.net\/?p=2818"},"modified":"2026-01-27T09:51:35","modified_gmt":"2026-01-27T08:51:35","slug":"eric-fish-friends-sind-auf-tour","status":"publish","type":"post","link":"https:\/\/dryland-records.net\/en\/eric-fish-friends-sind-auf-tour\/","title":{"rendered":"ERIC FISH &amp; FRIENDS sind auf Tour!"},"content":{"rendered":"\n<p>ERIC FISH &amp; FRIENDS befinden sich gerade auf ihrer &#8220;Auf den Grund&#8221; Tour, um das gleichnamige neue Album zu pr\u00e4sentieren. Sichert euch jetzt noch schnell Tickets f\u00fcr die verbleibenden Konzerte!<br><br>31.01.2026 F\u00fcrstenwalde \/ Kulturfabrik &#8211;> <strong><a href=\"https:\/\/kulturfabrik-fuerstenwalde.reservix.de\/tickets-eric-fish-friends-auf-den-grund-in-fuerstenwaldespree-kulturfabrik-fuerstenwalde-am-31-1-2026\/e2442949\" target=\"_blank\" rel=\"noreferrer noopener\">TICKETS<\/a><\/strong> <br>05.02.2026 Osnabr\u00fcck \/ Lagerhalle &#8211;> <strong><a href=\"https:\/\/www.eventim.de\/artist\/eric-fish\/\" target=\"_blank\" rel=\"noreferrer noopener\">TICKETS<\/a><\/strong><br>06.02.2026 Ahlen \/ Schuhfabrik &#8211;> <strong><a href=\"https:\/\/www.eventim.de\/artist\/eric-fish\/\" target=\"_blank\" rel=\"noreferrer noopener\">TICKETS<\/a><\/strong><br>07.02.2026 M\u00fchlberg \/ Ratskeller &#8211;> <strong><a href=\"https:\/\/shop.ericfish.de\/Konzert-AUF-DEN-GRUND-07.02.2026-Drei-Gleichen\/SW10164\" target=\"_blank\" rel=\"noreferrer noopener\">TICKETS<\/a><\/strong><br>08.11.2026 H\u00f6chstadt a.d. Aisch \/ Kulturfabrik &#8211;> <strong><a href=\"https:\/\/www.eventim.de\/artist\/eric-fish\/\" target=\"_blank\" rel=\"noreferrer noopener\">TICKETS<\/a><\/strong><\/p>\n\n\n\n<div style=\"height:50px\" aria-hidden=\"true\" class=\"wp-block-spacer\"><\/div>\n\n\n\n<figure class=\"wp-block-image size-full is-resized\"><img fetchpriority=\"high\" decoding=\"async\" width=\"1000\" height=\"1000\" src=\"https:\/\/dryland-records.net\/wp-content\/uploads\/2025\/06\/ERIC_FISH__FRIENDS_neues_Album_AUF_DEN_GRUND1.jpg\" alt=\"\" class=\"wp-image-2472\" style=\"width:634px;height:auto\" srcset=\"https:\/\/dryland-records.net\/wp-content\/uploads\/2025\/06\/ERIC_FISH__FRIENDS_neues_Album_AUF_DEN_GRUND1.jpg 1000w, https:\/\/dryland-records.net\/wp-content\/uploads\/2025\/06\/ERIC_FISH__FRIENDS_neues_Album_AUF_DEN_GRUND1-300x300.jpg 300w, https:\/\/dryland-records.net\/wp-content\/uploads\/2025\/06\/ERIC_FISH__FRIENDS_neues_Album_AUF_DEN_GRUND1-150x150.jpg 150w, https:\/\/dryland-records.net\/wp-content\/uploads\/2025\/06\/ERIC_FISH__FRIENDS_neues_Album_AUF_DEN_GRUND1-768x768.jpg 768w\" sizes=\"(max-width: 1000px) 100vw, 1000px\" \/><\/figure>\n\n\n\n<div style=\"height:50px\" aria-hidden=\"true\" class=\"wp-block-spacer\"><\/div>\n\n\n\n<p>P\u00fcnktlich zum 25. Bandjubil\u00e4um ver\u00f6ffentlichten ERIC FISH &amp; FRIENDS ihr langerwartetes neues Album \u201eAuf den Grund\u201c. Die 14 Songs stellen eine Retrospektive der fr\u00fchen Jahre von ERIC FISH &amp; FRIENDS dar und wurden neu eingespielt in ein modernes Soundgewand mit Bass und Schlagzeug gekleidet. Es ist nicht \u00fcberraschend, dass diese Lieder \u00e4lterer Bauart nicht vom Zahn der Zeit ber\u00fchrt zu sein scheinen. Ihre Inhalte gehen \u00fcber die Betrachtung eines einzelnen Momentes hinaus und m\u00fcnden stets in einer Botschaft, welche dem H\u00f6rer ein stilles, hoffnungsfrohes L\u00e4cheln ins Gesicht zaubert.<\/p>\n\n\n\n<div style=\"height:30px\" aria-hidden=\"true\" class=\"wp-block-spacer\"><\/div>\n\n\n\n<div class=\"wp-block-buttons is-layout-flex wp-block-buttons-is-layout-flex\">\n<div class=\"wp-block-button\"><a class=\"wp-block-button__link has-white-color has-text-color has-link-color wp-element-button\" href=\"https:\/\/dryland-records-shop.de\/search?q=eric+fish\" target=\"_blank\" rel=\"noreferrer noopener\">&#8220;Auf den Grund&#8221; bestellen<\/a><\/div>\n<\/div>\n","protected":false},"excerpt":{"rendered":"<p>ERIC FISH &amp; FRIENDS befinden sich gerade auf ihrer &#8220;Auf den Grund&#8221; Tour, um das gleichnamige neue Album zu pr\u00e4sentieren. Sichert euch jetzt noch schnell Tickets f\u00fcr die verbleibenden Konzerte! 31.01.2026 F\u00fcrstenwalde \/ Kulturfabrik &#8211;> TICKETS 05.02.2026 Osnabr\u00fcck \/ Lagerhalle &#8211;> TICKETS06.02.2026 Ahlen \/ Schuhfabrik &#8211;> TICKETS07.02.2026 M\u00fchlberg \/ Ratskeller &#8211;> TICKETS08.11.2026 H\u00f6chstadt a.d. Aisch [&hellip;]<\/p>\n","protected":false},"author":8,"featured_media":2470,"comment_status":"closed","ping_status":"open","sticky":false,"template":"","format":"standard","meta":{"_acf_changed":false,"footnotes":""},"categories":[1],"tags":[],"class_list":["post-2818","post","type-post","status-publish","format-standard","has-post-thumbnail","hentry","category-nicht-kategorisiert"],"acf":[],"_links":{"self":[{"href":"https:\/\/dryland-records.net\/en\/wp-json\/wp\/v2\/posts\/2818","targetHints":{"allow":["GET"]}}],"collection":[{"href":"https:\/\/dryland-records.net\/en\/wp-json\/wp\/v2\/posts"}],"about":[{"href":"https:\/\/dryland-records.net\/en\/wp-json\/wp\/v2\/types\/post"}],"author":[{"embeddable":true,"href":"https:\/\/dryland-records.net\/en\/wp-json\/wp\/v2\/users\/8"}],"replies":[{"embeddable":true,"href":"https:\/\/dryland-records.net\/en\/wp-json\/wp\/v2\/comments?post=2818"}],"version-history":[{"count":8,"href":"https:\/\/dryland-records.net\/en\/wp-json\/wp\/v2\/posts\/2818\/revisions"}],"predecessor-version":[{"id":2826,"href":"https:\/\/dryland-records.net\/en\/wp-json\/wp\/v2\/posts\/2818\/revisions\/2826"}],"wp:featuredmedia":[{"embeddable":true,"href":"https:\/\/dryland-records.net\/en\/wp-json\/wp\/v2\/media\/2470"}],"wp:attachment":[{"href":"https:\/\/dryland-records.net\/en\/wp-json\/wp\/v2\/media?parent=2818"}],"wp:term":[{"taxonomy":"category","embeddable":true,"href":"https:\/\/dryland-records.net\/en\/wp-json\/wp\/v2\/categories?post=2818"},{"taxonomy":"post_tag","embeddable":true,"href":"https:\/\/dryland-records.net\/en\/wp-json\/wp\/v2\/tags?post=2818"}],"curies":[{"name":"wp","href":"https:\/\/api.w.org\/{rel}","templated":true}]}}