{"id":1043,"date":"2022-02-27T18:03:38","date_gmt":"2022-02-27T17:03:38","guid":{"rendered":"https:\/\/dryland-records.net\/?p=1043"},"modified":"2022-02-27T18:11:41","modified_gmt":"2022-02-27T17:11:41","slug":"goethes-erben-ich-bin-der-zorn-digital-vo","status":"publish","type":"post","link":"https:\/\/dryland-records.net\/en\/goethes-erben-ich-bin-der-zorn-digital-vo\/","title":{"rendered":"Goethes Erben ver\u00f6ffentlichen \"Ich bin der Zorn\""},"content":{"rendered":"\n<p>\u201eAlte M\u00e4nner wollen Macht. M\u00e4nner wollen t\u00f6ten.\u201c<br>Goethes Erben ver\u00f6ffentlichen spontan \u201eIch bin der Zorn\u201c! (Digital-V\u00d6: 28.02.22)<br>Videopremiere heute um 19:00 Uhr auf Youtube:<br><a href=\"https:\/\/youtu.be\/tuXwNXVdqFE?fbclid=IwAR3zAh60eXMRRsv9yFlPTh15R7qaNYrqqKJ8rhKONHe5JHQRDJ8jkXM7SZc\" target=\"_blank\" rel=\"noreferrer noopener\">https:\/\/youtu.be\/tuXwNXVdqFE<\/a><br><br>Seit dem 24.02.2022 leben wir in einer neuen, einer anderen Welt. Krieg in Europa ist Realit\u00e4t. Wer h\u00e4tte zum Jahreswechsel geglaubt, dass wir uns Ende Februar mit einer solch surrealen und brutalen Realit\u00e4t auseinandersetzen m\u00fcssen&#8230;<br>Genau deshalb haben Goethes Erben (mit unserer Unterst\u00fctzung) kurzfristig den spontanen Digital- und Video-Release eines bereits 2020 physisch ver\u00f6ffentlichen Songs realisiert: \u201eIch bin der Zorn\u201c ist Teil des Kammerkonzert-Albums \u201eFl\u00fcchtige K\u00fcsse\u201c und wird auch auf der am 22.04. erscheinenden CD\/DVD \u201eDas gestohlene Konzert\u201c zu finden sein.<br>Ab morgen wird der Song digital verf\u00fcgbar sein (aufgrund der Spontaneit\u00e4t kann es zu leichten Verz\u00f6gerungen bei einzelnen Plattformen kommen).<br><br>Goethes Erben setzen hiermit ein lautes und deutliches Zeichen gegen Kriegstreiberei, gegen Krieg und f\u00fcr den Frieden. Dabei stellt der Song, wie im Schaffen Oswald Henkes \u00fcblich, die emotionalen Komponenten in den Vordergrund. Wut, Verzweiflung, Entsetzen und Trauer \u2013 die gef\u00fchlte Hilflosigkeit und gleichzeitiger Drang, dem ganzen Wahnsinn ein Ende machen zu k\u00f6nnen, erzeugen G\u00e4nsehautmoment, die kathartisch wirken k\u00f6nnen. Bei all dem bleibt der humanit\u00e4re Gedanke Kern und Richtma\u00df der Aussagen:<br><br>\u201eUnser aller Unschuld verblutet, wenn wir schweigen. Also sind wir laut.<br>Ich bin der Zorn. Wir sind der Zorn.\u201c<br><br><a href=\"https:\/\/dryland-records-shop.de\/products\/goethes-erben-das-gestohlene-konzert-cd-dvd\" target=\"_blank\" rel=\"noreferrer noopener\">Zur Vorbestellung: Live-CD\/DVD \u201eDas gestohlene Konzert\u201c<\/a><\/p>\n\n\n\n<div class=\"wp-block-image\"><figure class=\"aligncenter size-large is-resized\"><img fetchpriority=\"high\" decoding=\"async\" src=\"https:\/\/dryland-records.net\/wp-content\/uploads\/2022\/02\/FlueKue_Zorn_1-1024x1024.jpg\" alt=\"Goethes Erben Ich bin der Zorn Cover\" class=\"wp-image-1047\" width=\"512\" height=\"512\" srcset=\"https:\/\/dryland-records.net\/wp-content\/uploads\/2022\/02\/FlueKue_Zorn_1-1024x1024.jpg 1024w, https:\/\/dryland-records.net\/wp-content\/uploads\/2022\/02\/FlueKue_Zorn_1-300x300.jpg 300w, https:\/\/dryland-records.net\/wp-content\/uploads\/2022\/02\/FlueKue_Zorn_1-150x150.jpg 150w, https:\/\/dryland-records.net\/wp-content\/uploads\/2022\/02\/FlueKue_Zorn_1-768x768.jpg 768w, https:\/\/dryland-records.net\/wp-content\/uploads\/2022\/02\/FlueKue_Zorn_1-1536x1536.jpg 1536w, https:\/\/dryland-records.net\/wp-content\/uploads\/2022\/02\/FlueKue_Zorn_1.jpg 1920w\" sizes=\"(max-width: 512px) 100vw, 512px\" \/><\/figure><\/div>\n","protected":false},"excerpt":{"rendered":"<p>\u201eAlte M\u00e4nner wollen Macht. M\u00e4nner wollen t\u00f6ten.\u201cGoethes Erben ver\u00f6ffentlichen spontan \u201eIch bin der Zorn\u201c! (Digital-V\u00d6: 28.02.22)Videopremiere heute um 19:00 Uhr auf Youtube:https:\/\/youtu.be\/tuXwNXVdqFE Seit dem 24.02.2022 leben wir in einer neuen, einer anderen Welt. Krieg in Europa ist Realit\u00e4t. Wer h\u00e4tte zum Jahreswechsel geglaubt, dass wir uns Ende Februar mit einer solch surrealen und brutalen Realit\u00e4t [&hellip;]<\/p>\n","protected":false},"author":2,"featured_media":1047,"comment_status":"closed","ping_status":"open","sticky":false,"template":"","format":"standard","meta":{"_acf_changed":false,"footnotes":""},"categories":[12,13,77],"tags":[27,48,47],"class_list":["post-1043","post","type-post","status-publish","format-standard","has-post-thumbnail","hentry","category-allgemein","category-goethes-erben","category-news","tag-goethes-erben","tag-ich-bin-der-zorn","tag-kammerkonzert"],"acf":[],"_links":{"self":[{"href":"https:\/\/dryland-records.net\/en\/wp-json\/wp\/v2\/posts\/1043","targetHints":{"allow":["GET"]}}],"collection":[{"href":"https:\/\/dryland-records.net\/en\/wp-json\/wp\/v2\/posts"}],"about":[{"href":"https:\/\/dryland-records.net\/en\/wp-json\/wp\/v2\/types\/post"}],"author":[{"embeddable":true,"href":"https:\/\/dryland-records.net\/en\/wp-json\/wp\/v2\/users\/2"}],"replies":[{"embeddable":true,"href":"https:\/\/dryland-records.net\/en\/wp-json\/wp\/v2\/comments?post=1043"}],"version-history":[{"count":4,"href":"https:\/\/dryland-records.net\/en\/wp-json\/wp\/v2\/posts\/1043\/revisions"}],"predecessor-version":[{"id":1048,"href":"https:\/\/dryland-records.net\/en\/wp-json\/wp\/v2\/posts\/1043\/revisions\/1048"}],"wp:featuredmedia":[{"embeddable":true,"href":"https:\/\/dryland-records.net\/en\/wp-json\/wp\/v2\/media\/1047"}],"wp:attachment":[{"href":"https:\/\/dryland-records.net\/en\/wp-json\/wp\/v2\/media?parent=1043"}],"wp:term":[{"taxonomy":"category","embeddable":true,"href":"https:\/\/dryland-records.net\/en\/wp-json\/wp\/v2\/categories?post=1043"},{"taxonomy":"post_tag","embeddable":true,"href":"https:\/\/dryland-records.net\/en\/wp-json\/wp\/v2\/tags?post=1043"}],"curies":[{"name":"wp","href":"https:\/\/api.w.org\/{rel}","templated":true}]}}